{"id":42,"date":"2025-11-07T15:48:17","date_gmt":"2025-11-07T15:48:17","guid":{"rendered":"https:\/\/www.theleicaphile.com\/?p=42"},"modified":"2025-11-07T19:38:40","modified_gmt":"2025-11-07T19:38:40","slug":"jardin-des-plantes-paris-2009","status":"publish","type":"post","link":"https:\/\/www.theleicaphile.com\/?p=42","title":{"rendered":"Jardin des plantes- Paris 2009"},"content":{"rendered":"<p><a href=\"https:\/\/www.theleicaphile.com\/?attachment_id=28\"><img fetchpriority=\"high\" decoding=\"async\" class=\"aligncenter wp-image-28 size-large\" src=\"https:\/\/www.theleicaphile.com\/wp-content\/uploads\/2025\/11\/Ali11-1024x576.jpg\" alt=\"\" width=\"625\" height=\"352\" srcset=\"https:\/\/www.theleicaphile.com\/wp-content\/uploads\/2025\/11\/Ali11-1024x576.jpg 1024w, https:\/\/www.theleicaphile.com\/wp-content\/uploads\/2025\/11\/Ali11-300x169.jpg 300w, https:\/\/www.theleicaphile.com\/wp-content\/uploads\/2025\/11\/Ali11-768x432.jpg 768w, https:\/\/www.theleicaphile.com\/wp-content\/uploads\/2025\/11\/Ali11-1536x864.jpg 1536w, https:\/\/www.theleicaphile.com\/wp-content\/uploads\/2025\/11\/Ali11-2048x1152.jpg 2048w, https:\/\/www.theleicaphile.com\/wp-content\/uploads\/2025\/11\/Ali11-624x351.jpg 624w\" sizes=\"(max-width: 625px) 100vw, 625px\" \/><\/a><a href=\"https:\/\/www.theleicaphile.com\/?attachment_id=29\"><img decoding=\"async\" class=\"aligncenter wp-image-29 size-large\" src=\"https:\/\/www.theleicaphile.com\/wp-content\/uploads\/2025\/11\/Bli21-1024x576.jpg\" alt=\"\" width=\"625\" height=\"352\" srcset=\"https:\/\/www.theleicaphile.com\/wp-content\/uploads\/2025\/11\/Bli21-1024x576.jpg 1024w, https:\/\/www.theleicaphile.com\/wp-content\/uploads\/2025\/11\/Bli21-300x169.jpg 300w, https:\/\/www.theleicaphile.com\/wp-content\/uploads\/2025\/11\/Bli21-768x432.jpg 768w, https:\/\/www.theleicaphile.com\/wp-content\/uploads\/2025\/11\/Bli21-1536x864.jpg 1536w, https:\/\/www.theleicaphile.com\/wp-content\/uploads\/2025\/11\/Bli21-2048x1152.jpg 2048w, https:\/\/www.theleicaphile.com\/wp-content\/uploads\/2025\/11\/Bli21-624x351.jpg 624w\" sizes=\"(max-width: 625px) 100vw, 625px\" \/><\/a><a href=\"https:\/\/www.theleicaphile.com\/?attachment_id=30\"><img decoding=\"async\" class=\"aligncenter wp-image-30 size-large\" src=\"https:\/\/www.theleicaphile.com\/wp-content\/uploads\/2025\/11\/Cbear1-1024x818.jpg\" alt=\"\" width=\"625\" height=\"499\" srcset=\"https:\/\/www.theleicaphile.com\/wp-content\/uploads\/2025\/11\/Cbear1-1024x818.jpg 1024w, https:\/\/www.theleicaphile.com\/wp-content\/uploads\/2025\/11\/Cbear1-300x240.jpg 300w, https:\/\/www.theleicaphile.com\/wp-content\/uploads\/2025\/11\/Cbear1-768x614.jpg 768w, https:\/\/www.theleicaphile.com\/wp-content\/uploads\/2025\/11\/Cbear1-624x499.jpg 624w, https:\/\/www.theleicaphile.com\/wp-content\/uploads\/2025\/11\/Cbear1.jpg 1156w\" sizes=\"(max-width: 625px) 100vw, 625px\" \/><\/a><a href=\"https:\/\/www.theleicaphile.com\/?attachment_id=31\"><img loading=\"lazy\" decoding=\"async\" class=\"aligncenter wp-image-31 size-full\" src=\"https:\/\/www.theleicaphile.com\/wp-content\/uploads\/2025\/11\/DSC03721-2.jpg\" alt=\"\" width=\"617\" height=\"882\" srcset=\"https:\/\/www.theleicaphile.com\/wp-content\/uploads\/2025\/11\/DSC03721-2.jpg 617w, https:\/\/www.theleicaphile.com\/wp-content\/uploads\/2025\/11\/DSC03721-2-210x300.jpg 210w\" sizes=\"(max-width: 617px) 100vw, 617px\" \/><\/a><a href=\"https:\/\/www.theleicaphile.com\/?attachment_id=32\"><img loading=\"lazy\" decoding=\"async\" class=\"aligncenter wp-image-32 size-large\" src=\"https:\/\/www.theleicaphile.com\/wp-content\/uploads\/2025\/11\/ele11-1024x667.jpg\" alt=\"\" width=\"625\" height=\"407\" srcset=\"https:\/\/www.theleicaphile.com\/wp-content\/uploads\/2025\/11\/ele11-1024x667.jpg 1024w, https:\/\/www.theleicaphile.com\/wp-content\/uploads\/2025\/11\/ele11-300x195.jpg 300w, https:\/\/www.theleicaphile.com\/wp-content\/uploads\/2025\/11\/ele11-768x500.jpg 768w, https:\/\/www.theleicaphile.com\/wp-content\/uploads\/2025\/11\/ele11-624x406.jpg 624w, https:\/\/www.theleicaphile.com\/wp-content\/uploads\/2025\/11\/ele11.jpg 1344w\" sizes=\"(max-width: 625px) 100vw, 625px\" \/><\/a><a href=\"https:\/\/www.theleicaphile.com\/?attachment_id=34\"><img loading=\"lazy\" decoding=\"async\" class=\"aligncenter wp-image-34 size-large\" src=\"https:\/\/www.theleicaphile.com\/wp-content\/uploads\/2025\/11\/ele31-1024x642.jpg\" alt=\"\" width=\"625\" height=\"392\" srcset=\"https:\/\/www.theleicaphile.com\/wp-content\/uploads\/2025\/11\/ele31-1024x642.jpg 1024w, https:\/\/www.theleicaphile.com\/wp-content\/uploads\/2025\/11\/ele31-300x188.jpg 300w, https:\/\/www.theleicaphile.com\/wp-content\/uploads\/2025\/11\/ele31-768x481.jpg 768w, https:\/\/www.theleicaphile.com\/wp-content\/uploads\/2025\/11\/ele31-624x391.jpg 624w, https:\/\/www.theleicaphile.com\/wp-content\/uploads\/2025\/11\/ele31.jpg 1438w\" sizes=\"(max-width: 625px) 100vw, 625px\" \/><\/a><a href=\"https:\/\/www.theleicaphile.com\/?attachment_id=35\"><img loading=\"lazy\" decoding=\"async\" class=\"aligncenter wp-image-35 size-large\" src=\"https:\/\/www.theleicaphile.com\/wp-content\/uploads\/2025\/11\/gi11-1024x650.jpg\" alt=\"\" width=\"625\" height=\"397\" srcset=\"https:\/\/www.theleicaphile.com\/wp-content\/uploads\/2025\/11\/gi11-1024x650.jpg 1024w, https:\/\/www.theleicaphile.com\/wp-content\/uploads\/2025\/11\/gi11-300x190.jpg 300w, https:\/\/www.theleicaphile.com\/wp-content\/uploads\/2025\/11\/gi11-768x487.jpg 768w, https:\/\/www.theleicaphile.com\/wp-content\/uploads\/2025\/11\/gi11-624x396.jpg 624w, https:\/\/www.theleicaphile.com\/wp-content\/uploads\/2025\/11\/gi11.jpg 1537w\" sizes=\"(max-width: 625px) 100vw, 625px\" \/><\/a><a href=\"https:\/\/www.theleicaphile.com\/?attachment_id=36\"><img loading=\"lazy\" decoding=\"async\" class=\"aligncenter wp-image-36 size-full\" src=\"https:\/\/www.theleicaphile.com\/wp-content\/uploads\/2025\/11\/gi21.jpg\" alt=\"\" width=\"856\" height=\"858\" srcset=\"https:\/\/www.theleicaphile.com\/wp-content\/uploads\/2025\/11\/gi21.jpg 856w, https:\/\/www.theleicaphile.com\/wp-content\/uploads\/2025\/11\/gi21-300x300.jpg 300w, https:\/\/www.theleicaphile.com\/wp-content\/uploads\/2025\/11\/gi21-150x150.jpg 150w, https:\/\/www.theleicaphile.com\/wp-content\/uploads\/2025\/11\/gi21-768x770.jpg 768w, https:\/\/www.theleicaphile.com\/wp-content\/uploads\/2025\/11\/gi21-624x625.jpg 624w\" sizes=\"(max-width: 856px) 100vw, 856px\" \/><\/a><a href=\"https:\/\/www.theleicaphile.com\/?attachment_id=37\"><img loading=\"lazy\" decoding=\"async\" class=\"aligncenter wp-image-37 size-large\" src=\"https:\/\/www.theleicaphile.com\/wp-content\/uploads\/2025\/11\/gi31-1024x580.jpg\" alt=\"\" width=\"625\" height=\"354\" srcset=\"https:\/\/www.theleicaphile.com\/wp-content\/uploads\/2025\/11\/gi31-1024x580.jpg 1024w, https:\/\/www.theleicaphile.com\/wp-content\/uploads\/2025\/11\/gi31-300x170.jpg 300w, https:\/\/www.theleicaphile.com\/wp-content\/uploads\/2025\/11\/gi31-768x435.jpg 768w, https:\/\/www.theleicaphile.com\/wp-content\/uploads\/2025\/11\/gi31-1536x870.jpg 1536w, https:\/\/www.theleicaphile.com\/wp-content\/uploads\/2025\/11\/gi31-624x353.jpg 624w, https:\/\/www.theleicaphile.com\/wp-content\/uploads\/2025\/11\/gi31.jpg 1600w\" sizes=\"(max-width: 625px) 100vw, 625px\" \/><\/a><a href=\"https:\/\/www.theleicaphile.com\/?attachment_id=38\"><img loading=\"lazy\" decoding=\"async\" class=\"aligncenter wp-image-38 size-large\" src=\"https:\/\/www.theleicaphile.com\/wp-content\/uploads\/2025\/11\/L1010256-2-1024x714.jpg\" alt=\"\" width=\"625\" height=\"436\" srcset=\"https:\/\/www.theleicaphile.com\/wp-content\/uploads\/2025\/11\/L1010256-2-1024x714.jpg 1024w, https:\/\/www.theleicaphile.com\/wp-content\/uploads\/2025\/11\/L1010256-2-300x209.jpg 300w, https:\/\/www.theleicaphile.com\/wp-content\/uploads\/2025\/11\/L1010256-2-768x535.jpg 768w, https:\/\/www.theleicaphile.com\/wp-content\/uploads\/2025\/11\/L1010256-2-1536x1070.jpg 1536w, https:\/\/www.theleicaphile.com\/wp-content\/uploads\/2025\/11\/L1010256-2-624x435.jpg 624w, https:\/\/www.theleicaphile.com\/wp-content\/uploads\/2025\/11\/L1010256-2.jpg 2019w\" sizes=\"(max-width: 625px) 100vw, 625px\" \/><\/a><a href=\"https:\/\/www.theleicaphile.com\/?attachment_id=39\"><img loading=\"lazy\" decoding=\"async\" class=\"aligncenter wp-image-39 size-large\" src=\"https:\/\/www.theleicaphile.com\/wp-content\/uploads\/2025\/11\/L1010272-2-1024x729.jpg\" alt=\"\" width=\"625\" height=\"445\" srcset=\"https:\/\/www.theleicaphile.com\/wp-content\/uploads\/2025\/11\/L1010272-2-1024x729.jpg 1024w, https:\/\/www.theleicaphile.com\/wp-content\/uploads\/2025\/11\/L1010272-2-300x214.jpg 300w, https:\/\/www.theleicaphile.com\/wp-content\/uploads\/2025\/11\/L1010272-2-768x547.jpg 768w, https:\/\/www.theleicaphile.com\/wp-content\/uploads\/2025\/11\/L1010272-2-1536x1094.jpg 1536w, https:\/\/www.theleicaphile.com\/wp-content\/uploads\/2025\/11\/L1010272-2-2048x1458.jpg 2048w, https:\/\/www.theleicaphile.com\/wp-content\/uploads\/2025\/11\/L1010272-2-624x444.jpg 624w\" sizes=\"(max-width: 625px) 100vw, 625px\" \/><\/a><a href=\"https:\/\/www.theleicaphile.com\/?attachment_id=40\"><img loading=\"lazy\" decoding=\"async\" class=\"aligncenter wp-image-40 size-large\" src=\"https:\/\/www.theleicaphile.com\/wp-content\/uploads\/2025\/11\/L1010274-2-1024x769.jpg\" alt=\"\" width=\"625\" height=\"469\" srcset=\"https:\/\/www.theleicaphile.com\/wp-content\/uploads\/2025\/11\/L1010274-2-1024x769.jpg 1024w, https:\/\/www.theleicaphile.com\/wp-content\/uploads\/2025\/11\/L1010274-2-300x225.jpg 300w, https:\/\/www.theleicaphile.com\/wp-content\/uploads\/2025\/11\/L1010274-2-768x577.jpg 768w, https:\/\/www.theleicaphile.com\/wp-content\/uploads\/2025\/11\/L1010274-2-1536x1154.jpg 1536w, https:\/\/www.theleicaphile.com\/wp-content\/uploads\/2025\/11\/L1010274-2-2048x1538.jpg 2048w, https:\/\/www.theleicaphile.com\/wp-content\/uploads\/2025\/11\/L1010274-2-624x469.jpg 624w\" sizes=\"(max-width: 625px) 100vw, 625px\" \/><\/a><\/p>\n","protected":false},"excerpt":{"rendered":"","protected":false},"author":1,"featured_media":0,"comment_status":"open","ping_status":"open","sticky":false,"template":"","format":"standard","meta":{"footnotes":""},"categories":[4],"tags":[6,7,5],"class_list":["post-42","post","type-post","status-publish","format-standard","hentry","category-paris","tag-animals","tag-paris","tag-zoo"],"yoast_head":"<!-- This site is optimized with the Yoast SEO plugin v27.2 - https:\/\/yoast.com\/product\/yoast-seo-wordpress\/ -->\n<title>Jardin des plantes- Paris 2009 - The Leicaphile I the World trough my lens<\/title>\n<meta name=\"robots\" content=\"index, follow, max-snippet:-1, max-image-preview:large, max-video-preview:-1\" \/>\n<link rel=\"canonical\" href=\"https:\/\/www.theleicaphile.com\/?p=42\" \/>\n<meta property=\"og:locale\" content=\"fr_FR\" \/>\n<meta property=\"og:type\" content=\"article\" \/>\n<meta property=\"og:title\" content=\"Jardin des plantes- Paris 2009 - The Leicaphile I the World trough my lens\" \/>\n<meta property=\"og:url\" content=\"https:\/\/www.theleicaphile.com\/?p=42\" \/>\n<meta property=\"og:site_name\" content=\"The Leicaphile I the World trough my lens\" \/>\n<meta property=\"article:published_time\" content=\"2025-11-07T15:48:17+00:00\" \/>\n<meta property=\"article:modified_time\" content=\"2025-11-07T19:38:40+00:00\" \/>\n<meta property=\"og:image\" content=\"https:\/\/www.theleicaphile.com\/wp-content\/uploads\/2025\/11\/Ali11-scaled.jpg\" \/>\n\t<meta property=\"og:image:width\" content=\"2560\" \/>\n\t<meta property=\"og:image:height\" content=\"1440\" \/>\n\t<meta property=\"og:image:type\" content=\"image\/jpeg\" \/>\n<meta name=\"author\" content=\"admin\" \/>\n<meta name=\"twitter:card\" content=\"summary_large_image\" \/>\n<meta name=\"twitter:label1\" content=\"\u00c9crit par\" \/>\n\t<meta name=\"twitter:data1\" content=\"admin\" \/>\n\t<meta name=\"twitter:label2\" content=\"Dur\u00e9e de lecture estim\u00e9e\" \/>\n\t<meta name=\"twitter:data2\" content=\"3 minutes\" \/>\n<script type=\"application\/ld+json\" class=\"yoast-schema-graph\">{\"@context\":\"https:\/\/schema.org\",\"@graph\":[{\"@type\":\"Article\",\"@id\":\"https:\/\/www.theleicaphile.com\/?p=42#article\",\"isPartOf\":{\"@id\":\"https:\/\/www.theleicaphile.com\/?p=42\"},\"author\":{\"name\":\"admin\",\"@id\":\"https:\/\/www.theleicaphile.com\/#\/schema\/person\/653be91c62f2cf476660dd7407ba2d2c\"},\"headline\":\"Jardin des plantes- Paris 2009\",\"datePublished\":\"2025-11-07T15:48:17+00:00\",\"dateModified\":\"2025-11-07T19:38:40+00:00\",\"mainEntityOfPage\":{\"@id\":\"https:\/\/www.theleicaphile.com\/?p=42\"},\"wordCount\":4,\"commentCount\":0,\"image\":{\"@id\":\"https:\/\/www.theleicaphile.com\/?p=42#primaryimage\"},\"thumbnailUrl\":\"https:\/\/www.theleicaphile.com\/wp-content\/uploads\/2025\/11\/Ali11-1024x576.jpg\",\"keywords\":[\"animals\",\"Paris\",\"zoo\"],\"articleSection\":[\"Paris\"],\"inLanguage\":\"fr-FR\",\"potentialAction\":[{\"@type\":\"CommentAction\",\"name\":\"Comment\",\"target\":[\"https:\/\/www.theleicaphile.com\/?p=42#respond\"]}]},{\"@type\":\"WebPage\",\"@id\":\"https:\/\/www.theleicaphile.com\/?p=42\",\"url\":\"https:\/\/www.theleicaphile.com\/?p=42\",\"name\":\"Jardin des plantes- Paris 2009 - The Leicaphile I the World trough my lens\",\"isPartOf\":{\"@id\":\"https:\/\/www.theleicaphile.com\/#website\"},\"primaryImageOfPage\":{\"@id\":\"https:\/\/www.theleicaphile.com\/?p=42#primaryimage\"},\"image\":{\"@id\":\"https:\/\/www.theleicaphile.com\/?p=42#primaryimage\"},\"thumbnailUrl\":\"https:\/\/www.theleicaphile.com\/wp-content\/uploads\/2025\/11\/Ali11-1024x576.jpg\",\"datePublished\":\"2025-11-07T15:48:17+00:00\",\"dateModified\":\"2025-11-07T19:38:40+00:00\",\"author\":{\"@id\":\"https:\/\/www.theleicaphile.com\/#\/schema\/person\/653be91c62f2cf476660dd7407ba2d2c\"},\"breadcrumb\":{\"@id\":\"https:\/\/www.theleicaphile.com\/?p=42#breadcrumb\"},\"inLanguage\":\"fr-FR\",\"potentialAction\":[{\"@type\":\"ReadAction\",\"target\":[\"https:\/\/www.theleicaphile.com\/?p=42\"]}]},{\"@type\":\"ImageObject\",\"inLanguage\":\"fr-FR\",\"@id\":\"https:\/\/www.theleicaphile.com\/?p=42#primaryimage\",\"url\":\"https:\/\/www.theleicaphile.com\/wp-content\/uploads\/2025\/11\/Ali11-scaled.jpg\",\"contentUrl\":\"https:\/\/www.theleicaphile.com\/wp-content\/uploads\/2025\/11\/Ali11-scaled.jpg\",\"width\":2560,\"height\":1440},{\"@type\":\"BreadcrumbList\",\"@id\":\"https:\/\/www.theleicaphile.com\/?p=42#breadcrumb\",\"itemListElement\":[{\"@type\":\"ListItem\",\"position\":1,\"name\":\"Accueil\",\"item\":\"https:\/\/www.theleicaphile.com\/\"},{\"@type\":\"ListItem\",\"position\":2,\"name\":\"Jardin des plantes- Paris 2009\"}]},{\"@type\":\"WebSite\",\"@id\":\"https:\/\/www.theleicaphile.com\/#website\",\"url\":\"https:\/\/www.theleicaphile.com\/\",\"name\":\"The Leicaphile I the World trough my lens\",\"description\":\"Life is Good, never complain and never explain\u2026 just i take the time to look arround and \u00ab spot \u00bb about the world through my lenses.\",\"potentialAction\":[{\"@type\":\"SearchAction\",\"target\":{\"@type\":\"EntryPoint\",\"urlTemplate\":\"https:\/\/www.theleicaphile.com\/?s={search_term_string}\"},\"query-input\":{\"@type\":\"PropertyValueSpecification\",\"valueRequired\":true,\"valueName\":\"search_term_string\"}}],\"inLanguage\":\"fr-FR\"},{\"@type\":\"Person\",\"@id\":\"https:\/\/www.theleicaphile.com\/#\/schema\/person\/653be91c62f2cf476660dd7407ba2d2c\",\"name\":\"admin\",\"image\":{\"@type\":\"ImageObject\",\"inLanguage\":\"fr-FR\",\"@id\":\"https:\/\/secure.gravatar.com\/avatar\/5f38a70dcc0c3dce65afa5ef085082d8bfc41e6890a65ee89198665cb2bf5e2b?s=96&d=mm&r=g\",\"url\":\"https:\/\/secure.gravatar.com\/avatar\/5f38a70dcc0c3dce65afa5ef085082d8bfc41e6890a65ee89198665cb2bf5e2b?s=96&d=mm&r=g\",\"contentUrl\":\"https:\/\/secure.gravatar.com\/avatar\/5f38a70dcc0c3dce65afa5ef085082d8bfc41e6890a65ee89198665cb2bf5e2b?s=96&d=mm&r=g\",\"caption\":\"admin\"},\"sameAs\":[\"https:\/\/theleicaphile.com\"],\"url\":\"https:\/\/www.theleicaphile.com\/?author=1\"}]}<\/script>\n<!-- \/ Yoast SEO plugin. -->","yoast_head_json":{"title":"Jardin des plantes- Paris 2009 - The Leicaphile I the World trough my lens","robots":{"index":"index","follow":"follow","max-snippet":"max-snippet:-1","max-image-preview":"max-image-preview:large","max-video-preview":"max-video-preview:-1"},"canonical":"https:\/\/www.theleicaphile.com\/?p=42","og_locale":"fr_FR","og_type":"article","og_title":"Jardin des plantes- Paris 2009 - The Leicaphile I the World trough my lens","og_url":"https:\/\/www.theleicaphile.com\/?p=42","og_site_name":"The Leicaphile I the World trough my lens","article_published_time":"2025-11-07T15:48:17+00:00","article_modified_time":"2025-11-07T19:38:40+00:00","og_image":[{"width":2560,"height":1440,"url":"https:\/\/www.theleicaphile.com\/wp-content\/uploads\/2025\/11\/Ali11-scaled.jpg","type":"image\/jpeg"}],"author":"admin","twitter_card":"summary_large_image","twitter_misc":{"\u00c9crit par":"admin","Dur\u00e9e de lecture estim\u00e9e":"3 minutes"},"schema":{"@context":"https:\/\/schema.org","@graph":[{"@type":"Article","@id":"https:\/\/www.theleicaphile.com\/?p=42#article","isPartOf":{"@id":"https:\/\/www.theleicaphile.com\/?p=42"},"author":{"name":"admin","@id":"https:\/\/www.theleicaphile.com\/#\/schema\/person\/653be91c62f2cf476660dd7407ba2d2c"},"headline":"Jardin des plantes- Paris 2009","datePublished":"2025-11-07T15:48:17+00:00","dateModified":"2025-11-07T19:38:40+00:00","mainEntityOfPage":{"@id":"https:\/\/www.theleicaphile.com\/?p=42"},"wordCount":4,"commentCount":0,"image":{"@id":"https:\/\/www.theleicaphile.com\/?p=42#primaryimage"},"thumbnailUrl":"https:\/\/www.theleicaphile.com\/wp-content\/uploads\/2025\/11\/Ali11-1024x576.jpg","keywords":["animals","Paris","zoo"],"articleSection":["Paris"],"inLanguage":"fr-FR","potentialAction":[{"@type":"CommentAction","name":"Comment","target":["https:\/\/www.theleicaphile.com\/?p=42#respond"]}]},{"@type":"WebPage","@id":"https:\/\/www.theleicaphile.com\/?p=42","url":"https:\/\/www.theleicaphile.com\/?p=42","name":"Jardin des plantes- Paris 2009 - The Leicaphile I the World trough my lens","isPartOf":{"@id":"https:\/\/www.theleicaphile.com\/#website"},"primaryImageOfPage":{"@id":"https:\/\/www.theleicaphile.com\/?p=42#primaryimage"},"image":{"@id":"https:\/\/www.theleicaphile.com\/?p=42#primaryimage"},"thumbnailUrl":"https:\/\/www.theleicaphile.com\/wp-content\/uploads\/2025\/11\/Ali11-1024x576.jpg","datePublished":"2025-11-07T15:48:17+00:00","dateModified":"2025-11-07T19:38:40+00:00","author":{"@id":"https:\/\/www.theleicaphile.com\/#\/schema\/person\/653be91c62f2cf476660dd7407ba2d2c"},"breadcrumb":{"@id":"https:\/\/www.theleicaphile.com\/?p=42#breadcrumb"},"inLanguage":"fr-FR","potentialAction":[{"@type":"ReadAction","target":["https:\/\/www.theleicaphile.com\/?p=42"]}]},{"@type":"ImageObject","inLanguage":"fr-FR","@id":"https:\/\/www.theleicaphile.com\/?p=42#primaryimage","url":"https:\/\/www.theleicaphile.com\/wp-content\/uploads\/2025\/11\/Ali11-scaled.jpg","contentUrl":"https:\/\/www.theleicaphile.com\/wp-content\/uploads\/2025\/11\/Ali11-scaled.jpg","width":2560,"height":1440},{"@type":"BreadcrumbList","@id":"https:\/\/www.theleicaphile.com\/?p=42#breadcrumb","itemListElement":[{"@type":"ListItem","position":1,"name":"Accueil","item":"https:\/\/www.theleicaphile.com\/"},{"@type":"ListItem","position":2,"name":"Jardin des plantes- Paris 2009"}]},{"@type":"WebSite","@id":"https:\/\/www.theleicaphile.com\/#website","url":"https:\/\/www.theleicaphile.com\/","name":"The Leicaphile I the World trough my lens","description":"Life is Good, never complain and never explain\u2026 just i take the time to look arround and \u00ab spot \u00bb about the world through my lenses.","potentialAction":[{"@type":"SearchAction","target":{"@type":"EntryPoint","urlTemplate":"https:\/\/www.theleicaphile.com\/?s={search_term_string}"},"query-input":{"@type":"PropertyValueSpecification","valueRequired":true,"valueName":"search_term_string"}}],"inLanguage":"fr-FR"},{"@type":"Person","@id":"https:\/\/www.theleicaphile.com\/#\/schema\/person\/653be91c62f2cf476660dd7407ba2d2c","name":"admin","image":{"@type":"ImageObject","inLanguage":"fr-FR","@id":"https:\/\/secure.gravatar.com\/avatar\/5f38a70dcc0c3dce65afa5ef085082d8bfc41e6890a65ee89198665cb2bf5e2b?s=96&d=mm&r=g","url":"https:\/\/secure.gravatar.com\/avatar\/5f38a70dcc0c3dce65afa5ef085082d8bfc41e6890a65ee89198665cb2bf5e2b?s=96&d=mm&r=g","contentUrl":"https:\/\/secure.gravatar.com\/avatar\/5f38a70dcc0c3dce65afa5ef085082d8bfc41e6890a65ee89198665cb2bf5e2b?s=96&d=mm&r=g","caption":"admin"},"sameAs":["https:\/\/theleicaphile.com"],"url":"https:\/\/www.theleicaphile.com\/?author=1"}]}},"jetpack_featured_media_url":"","_links":{"self":[{"href":"https:\/\/www.theleicaphile.com\/index.php?rest_route=\/wp\/v2\/posts\/42","targetHints":{"allow":["GET"]}}],"collection":[{"href":"https:\/\/www.theleicaphile.com\/index.php?rest_route=\/wp\/v2\/posts"}],"about":[{"href":"https:\/\/www.theleicaphile.com\/index.php?rest_route=\/wp\/v2\/types\/post"}],"author":[{"embeddable":true,"href":"https:\/\/www.theleicaphile.com\/index.php?rest_route=\/wp\/v2\/users\/1"}],"replies":[{"embeddable":true,"href":"https:\/\/www.theleicaphile.com\/index.php?rest_route=%2Fwp%2Fv2%2Fcomments&post=42"}],"version-history":[{"count":3,"href":"https:\/\/www.theleicaphile.com\/index.php?rest_route=\/wp\/v2\/posts\/42\/revisions"}],"predecessor-version":[{"id":83,"href":"https:\/\/www.theleicaphile.com\/index.php?rest_route=\/wp\/v2\/posts\/42\/revisions\/83"}],"wp:attachment":[{"href":"https:\/\/www.theleicaphile.com\/index.php?rest_route=%2Fwp%2Fv2%2Fmedia&parent=42"}],"wp:term":[{"taxonomy":"category","embeddable":true,"href":"https:\/\/www.theleicaphile.com\/index.php?rest_route=%2Fwp%2Fv2%2Fcategories&post=42"},{"taxonomy":"post_tag","embeddable":true,"href":"https:\/\/www.theleicaphile.com\/index.php?rest_route=%2Fwp%2Fv2%2Ftags&post=42"}],"curies":[{"name":"wp","href":"https:\/\/api.w.org\/{rel}","templated":true}]}}